{"id":1515,"date":"2020-08-21T11:10:59","date_gmt":"2020-08-21T11:10:59","guid":{"rendered":"https:\/\/geopresovregion.sk\/home\/?p=1515"},"modified":"2021-01-12T08:20:04","modified_gmt":"2021-01-12T08:20:04","slug":"cestovny-ruch-bol-v-maji-na-kolenach-situacia-sa-zlepsuje","status":"publish","type":"post","link":"https:\/\/geopresovregion.sk\/home\/2020\/08\/21\/cestovny-ruch-bol-v-maji-na-kolenach-situacia-sa-zlepsuje\/","title":{"rendered":"Cestovn\u00fd ruch bol v m\u00e1ji na kolen\u00e1ch, situ\u00e1cia sa zlep\u0161uje"},"content":{"rendered":"\n<p>V mesiaci m\u00e1j, podobne ako v marci a apr\u00edli, koronakr\u00edza zapr\u00ed\u010dinila v\u00fdznamn\u00fd prepad v oblasti cestovn\u00e9ho ruchu. V m\u00e1ji tohto roka nav\u0161t\u00edvilo ubytovacie zariadenia v Pre\u0161ovskom kraji 6 669 n\u00e1v\u0161tevn\u00edkov, z toho v\u00e4\u010d\u0161ina v okrese Poprad.<\/p>\n\n\n\n<div class=\"wp-block-image\"><figure class=\"aligncenter size-large\"><a href=\"https:\/\/geopresovregion.sk\/home\/wp-content\/uploads\/2020\/08\/1_pocet_navstevnikov_maj_2020_okresy_PSK.jpg\" target=\"_blank\" rel=\"noopener noreferrer\"><img loading=\"lazy\" width=\"1024\" height=\"493\" src=\"https:\/\/geopresovregion.sk\/home\/wp-content\/uploads\/2020\/08\/1_pocet_navstevnikov_maj_2020_okresy_PSK-1024x493.jpg\" alt=\"\" class=\"wp-image-1510\" srcset=\"https:\/\/geopresovregion.sk\/home\/wp-content\/uploads\/2020\/08\/1_pocet_navstevnikov_maj_2020_okresy_PSK-1024x493.jpg 1024w, https:\/\/geopresovregion.sk\/home\/wp-content\/uploads\/2020\/08\/1_pocet_navstevnikov_maj_2020_okresy_PSK-300x144.jpg 300w, https:\/\/geopresovregion.sk\/home\/wp-content\/uploads\/2020\/08\/1_pocet_navstevnikov_maj_2020_okresy_PSK-768x370.jpg 768w, https:\/\/geopresovregion.sk\/home\/wp-content\/uploads\/2020\/08\/1_pocet_navstevnikov_maj_2020_okresy_PSK-1536x739.jpg 1536w, https:\/\/geopresovregion.sk\/home\/wp-content\/uploads\/2020\/08\/1_pocet_navstevnikov_maj_2020_okresy_PSK.jpg 1558w\" sizes=\"(max-width: 1024px) 100vw, 1024px\" \/><\/a><figcaption>Graf 1: <em>Po\u010det n\u00e1v\u0161tevn\u00edkov v m\u00e1ji 2020 v okresoch PSK<\/em><br>Zdroj: \u0160\u00da SR<\/figcaption><\/figure><\/div>\n\n\n\n<p>V porovnan\u00ed s m\u00e1jom 2019 ide v Pre\u0161ovskom kraji o v\u00fdrazn\u00fd prepad a to a\u017e o 92,35 % (v m\u00e1ji 2019 prenocovalo na \u00fazem\u00ed kraja 87 141 n\u00e1v\u0161tevn\u00edkov).<\/p>\n\n\n\n<div class=\"wp-block-image\"><figure class=\"aligncenter size-large\"><a href=\"https:\/\/geopresovregion.sk\/home\/wp-content\/uploads\/2020\/08\/2_rozdiel_v_pocte_prenocovani_maj_2019-2020_okresy_PSK.jpg\" target=\"_blank\" rel=\"noopener noreferrer\"><img loading=\"lazy\" width=\"1024\" height=\"478\" src=\"https:\/\/geopresovregion.sk\/home\/wp-content\/uploads\/2020\/08\/2_rozdiel_v_pocte_prenocovani_maj_2019-2020_okresy_PSK-1024x478.jpg\" alt=\"\" class=\"wp-image-1511\" srcset=\"https:\/\/geopresovregion.sk\/home\/wp-content\/uploads\/2020\/08\/2_rozdiel_v_pocte_prenocovani_maj_2019-2020_okresy_PSK-1024x478.jpg 1024w, https:\/\/geopresovregion.sk\/home\/wp-content\/uploads\/2020\/08\/2_rozdiel_v_pocte_prenocovani_maj_2019-2020_okresy_PSK-300x140.jpg 300w, https:\/\/geopresovregion.sk\/home\/wp-content\/uploads\/2020\/08\/2_rozdiel_v_pocte_prenocovani_maj_2019-2020_okresy_PSK-768x358.jpg 768w, https:\/\/geopresovregion.sk\/home\/wp-content\/uploads\/2020\/08\/2_rozdiel_v_pocte_prenocovani_maj_2019-2020_okresy_PSK.jpg 1344w\" sizes=\"(max-width: 1024px) 100vw, 1024px\" \/><\/a><figcaption>Graf 2: <em>Percentu\u00e1lny rozdiel v po\u010dte prenocovan\u00ed medzi m\u00e1jom 2020 a m\u00e1jom 2019 v okresoch PSK<\/em><br>Zdroj: \u0160\u00da SR<\/figcaption><\/figure><\/div>\n\n\n\n<p>Kritick\u00fa situ\u00e1ciu v segmente cestovn\u00e9ho ruchu potvrdzuje aj minim\u00e1lna obsadenos\u0165 l\u00f4\u017eok v ubytovac\u00edch zariadeniach. Kapacity st\u00e1lych l\u00f4\u017eok v ubytovac\u00edch zariadeniach boli v m\u00e1ji 2020 v Pre\u0161ovskom kraji vyu\u017eit\u00e9 len na 16,40 %, pri\u010dom vlani v tom istom obdob\u00ed to bolo 31,10 %.<\/p>\n\n\n\n<div class=\"wp-block-image\"><figure class=\"aligncenter size-large\"><a href=\"https:\/\/geopresovregion.sk\/home\/wp-content\/uploads\/2020\/08\/3_vyuzitie_stalych_lozok_okresy_PSK.jpg\" target=\"_blank\" rel=\"noopener noreferrer\"><img loading=\"lazy\" width=\"1024\" height=\"434\" src=\"https:\/\/geopresovregion.sk\/home\/wp-content\/uploads\/2020\/08\/3_vyuzitie_stalych_lozok_okresy_PSK-1024x434.jpg\" alt=\"\" class=\"wp-image-1512\" srcset=\"https:\/\/geopresovregion.sk\/home\/wp-content\/uploads\/2020\/08\/3_vyuzitie_stalych_lozok_okresy_PSK-1024x434.jpg 1024w, https:\/\/geopresovregion.sk\/home\/wp-content\/uploads\/2020\/08\/3_vyuzitie_stalych_lozok_okresy_PSK-300x127.jpg 300w, https:\/\/geopresovregion.sk\/home\/wp-content\/uploads\/2020\/08\/3_vyuzitie_stalych_lozok_okresy_PSK-768x325.jpg 768w, https:\/\/geopresovregion.sk\/home\/wp-content\/uploads\/2020\/08\/3_vyuzitie_stalych_lozok_okresy_PSK.jpg 1428w\" sizes=\"(max-width: 1024px) 100vw, 1024px\" \/><\/a><figcaption>Graf 3: <em>Vyu\u017eitie st\u00e1lych l\u00f4\u017eok v okresoch PSK v %<\/em><br>Zdroj: \u0160\u00da SR<\/figcaption><\/figure><\/div>\n\n\n\n<p>\u010co sa t\u00fdka d\u013a\u017eky pobytu, v m\u00e1ji 2020 tr\u00e1vili n\u00e1v\u0161tevn\u00edci najviac noc\u00ed v okresoch Star\u00e1 \u013dubov\u0148a a Bardejov a to hlavne v\u010faka k\u00fape\u013en\u00edctvu. V m\u00e1ji 2019 tieto okresy v danej \u0161tatistike pred\u010dil okres Medzilaborce. Priemern\u00e1 hodnota za Pre\u0161ovsk\u00fd kraj bola v m\u00e1ji 2020 3,10 noc\u00ed, v roku 2019 len 2,10 noc\u00ed.<\/p>\n\n\n\n<div class=\"wp-block-image\"><figure class=\"aligncenter size-large\"><a href=\"https:\/\/geopresovregion.sk\/home\/wp-content\/uploads\/2020\/08\/4_primer_poctu_prenocovani_navstevnika_maj_2020_okresy_PSK.jpg\" target=\"_blank\" rel=\"noopener noreferrer\"><img loading=\"lazy\" width=\"1024\" height=\"414\" src=\"https:\/\/geopresovregion.sk\/home\/wp-content\/uploads\/2020\/08\/4_primer_poctu_prenocovani_navstevnika_maj_2020_okresy_PSK-1024x414.jpg\" alt=\"\" class=\"wp-image-1513\" srcset=\"https:\/\/geopresovregion.sk\/home\/wp-content\/uploads\/2020\/08\/4_primer_poctu_prenocovani_navstevnika_maj_2020_okresy_PSK-1024x414.jpg 1024w, https:\/\/geopresovregion.sk\/home\/wp-content\/uploads\/2020\/08\/4_primer_poctu_prenocovani_navstevnika_maj_2020_okresy_PSK-300x121.jpg 300w, https:\/\/geopresovregion.sk\/home\/wp-content\/uploads\/2020\/08\/4_primer_poctu_prenocovani_navstevnika_maj_2020_okresy_PSK-768x310.jpg 768w, https:\/\/geopresovregion.sk\/home\/wp-content\/uploads\/2020\/08\/4_primer_poctu_prenocovani_navstevnika_maj_2020_okresy_PSK-1536x621.jpg 1536w, https:\/\/geopresovregion.sk\/home\/wp-content\/uploads\/2020\/08\/4_primer_poctu_prenocovani_navstevnika_maj_2020_okresy_PSK.jpg 1576w\" sizes=\"(max-width: 1024px) 100vw, 1024px\" \/><\/a><figcaption>Graf 4: <em>Priemern\u00fd po\u010det prenocovan\u00ed n\u00e1v\u0161tevn\u00edka v m\u00e1ji 2020 v okresoch PSK<\/em><br>Zdroj: \u0160\u00da SR<\/figcaption><\/figure><\/div>\n\n\n\n<div class=\"wp-block-image\"><figure class=\"aligncenter size-large\"><a href=\"https:\/\/geopresovregion.sk\/home\/wp-content\/uploads\/2020\/08\/5_primer_poctu_prenocovani_navstevnika_maj_2019_okresy_PSK.jpg\" target=\"_blank\" rel=\"noopener noreferrer\"><img loading=\"lazy\" width=\"1024\" height=\"450\" src=\"https:\/\/geopresovregion.sk\/home\/wp-content\/uploads\/2020\/08\/5_primer_poctu_prenocovani_navstevnika_maj_2019_okresy_PSK-1024x450.jpg\" alt=\"\" class=\"wp-image-1514\" srcset=\"https:\/\/geopresovregion.sk\/home\/wp-content\/uploads\/2020\/08\/5_primer_poctu_prenocovani_navstevnika_maj_2019_okresy_PSK-1024x450.jpg 1024w, https:\/\/geopresovregion.sk\/home\/wp-content\/uploads\/2020\/08\/5_primer_poctu_prenocovani_navstevnika_maj_2019_okresy_PSK-300x132.jpg 300w, https:\/\/geopresovregion.sk\/home\/wp-content\/uploads\/2020\/08\/5_primer_poctu_prenocovani_navstevnika_maj_2019_okresy_PSK-768x337.jpg 768w, https:\/\/geopresovregion.sk\/home\/wp-content\/uploads\/2020\/08\/5_primer_poctu_prenocovani_navstevnika_maj_2019_okresy_PSK-1536x675.jpg 1536w, https:\/\/geopresovregion.sk\/home\/wp-content\/uploads\/2020\/08\/5_primer_poctu_prenocovani_navstevnika_maj_2019_okresy_PSK.jpg 1546w\" sizes=\"(max-width: 1024px) 100vw, 1024px\" \/><\/a><figcaption>Graf 5: <em>Priemern\u00fd po\u010det prenocovan\u00ed n\u00e1v\u0161tevn\u00edka v m\u00e1ji 2019 v okresoch PSK<\/em><br>Zdroj: \u0160\u00da SR<\/figcaption><\/figure><\/div>\n\n\n\n<p>V letn\u00fdch mesiacoch je o\u010dak\u00e1van\u00fd pozit\u00edvny trend na trhu cestovn\u00e9ho ruchu, \u010do by sa malo odrazi\u0165 aj v \u0161tatistik\u00e1ch. Dopom\u00f4c\u0165 by tomu mali Slov\u00e1ci dovolenkuj\u00faci doma, preto ak si e\u0161te na sklonku leta pl\u00e1nujete niekam vyrazi\u0165, nev\u00e1hajte nav\u0161t\u00edvi\u0165 pr\u00e1ve dom\u00e1ce destin\u00e1cie, napr\u00edklad na kult\u00farne a pr\u00edrodn\u00e9 pamiatky bohat\u00fd Pre\u0161ovsk\u00fd kraj.<\/p>\n\n\n\n<hr class=\"wp-block-separator\"\/>\n\n\n\n<p><strong><em>Pozn.:<\/em> <\/strong><em>V niektor\u00fdch grafoch ch\u00fdbaj\u00fa \u00fadaje o niektor\u00fdch men\u0161\u00edch okresoch Pre\u0161ovsk\u00e9ho kraja, ke\u010f\u017ee z d\u00f4vodu citlivosti a d\u00f4vernosti \u00fadajov ich \u0160tatistick\u00fd \u00farad SR ako zdroj t\u00fdchto \u00fadajov nem\u00f4\u017ee publikova\u0165<\/em>.<\/p>\n","protected":false},"excerpt":{"rendered":"<p>V mesiaci m\u00e1j, podobne ako v marci a apr\u00edli, koronakr\u00edza zapr\u00ed\u010dinila v\u00fdznamn\u00fd prepad v oblasti cestovn\u00e9ho ruchu. V m\u00e1ji tohto roka nav\u0161t\u00edvilo ubytovacie zariadenia v Pre\u0161ovskom kraji 6 669 n\u00e1v\u0161tevn\u00edkov, z toho v\u00e4\u010d\u0161ina v okrese Poprad. V porovnan\u00ed s m\u00e1jom 2019 ide v Pre\u0161ovskom kraji o v\u00fdrazn\u00fd prepad a to a\u017e o 92,35 % (v [&hellip;]<\/p>\n","protected":false},"author":3,"featured_media":1536,"comment_status":"closed","ping_status":"closed","sticky":false,"template":"","format":"standard","meta":{"cybocfi_hide_featured_image":"yes"},"categories":[20],"tags":[],"yoast_head":"<!-- This site is optimized with the Yoast SEO plugin v19.3 - https:\/\/yoast.com\/wordpress\/plugins\/seo\/ -->\n<title>Cestovn\u00fd ruch bol v m\u00e1ji na kolen\u00e1ch, situ\u00e1cia sa zlep\u0161uje - Geoport\u00e1l Pre\u0161ovsk\u00e9ho kraja<\/title>\n<meta name=\"robots\" content=\"index, follow, max-snippet:-1, max-image-preview:large, max-video-preview:-1\" \/>\n<link rel=\"canonical\" href=\"https:\/\/geopresovregion.sk\/home\/2020\/08\/21\/cestovny-ruch-bol-v-maji-na-kolenach-situacia-sa-zlepsuje\/\" \/>\n<meta property=\"og:locale\" content=\"en_US\" \/>\n<meta property=\"og:type\" content=\"article\" \/>\n<meta property=\"og:title\" content=\"Cestovn\u00fd ruch bol v m\u00e1ji na kolen\u00e1ch, situ\u00e1cia sa zlep\u0161uje - Geoport\u00e1l Pre\u0161ovsk\u00e9ho kraja\" \/>\n<meta property=\"og:description\" content=\"V mesiaci m\u00e1j, podobne ako v marci a apr\u00edli, koronakr\u00edza zapr\u00ed\u010dinila v\u00fdznamn\u00fd prepad v oblasti cestovn\u00e9ho ruchu. V m\u00e1ji tohto roka nav\u0161t\u00edvilo ubytovacie zariadenia v Pre\u0161ovskom kraji 6 669 n\u00e1v\u0161tevn\u00edkov, z toho v\u00e4\u010d\u0161ina v okrese Poprad. V porovnan\u00ed s m\u00e1jom 2019 ide v Pre\u0161ovskom kraji o v\u00fdrazn\u00fd prepad a to a\u017e o 92,35 % (v [&hellip;]\" \/>\n<meta property=\"og:url\" content=\"https:\/\/geopresovregion.sk\/home\/2020\/08\/21\/cestovny-ruch-bol-v-maji-na-kolenach-situacia-sa-zlepsuje\/\" \/>\n<meta property=\"og:site_name\" content=\"Geoport\u00e1l Pre\u0161ovsk\u00e9ho kraja\" \/>\n<meta property=\"article:published_time\" content=\"2020-08-21T11:10:59+00:00\" \/>\n<meta property=\"article:modified_time\" content=\"2021-01-12T08:20:04+00:00\" \/>\n<meta property=\"og:image\" content=\"https:\/\/geopresovregion.sk\/home\/wp-content\/uploads\/2020\/08\/cestovny_ruch_cover_3.jpg\" \/>\n\t<meta property=\"og:image:width\" content=\"720\" \/>\n\t<meta property=\"og:image:height\" content=\"480\" \/>\n\t<meta property=\"og:image:type\" content=\"image\/jpeg\" \/>\n<meta name=\"author\" content=\"geopresovregion\" \/>\n<meta name=\"twitter:card\" content=\"summary_large_image\" \/>\n<script type=\"application\/ld+json\" class=\"yoast-schema-graph\">{\"@context\":\"https:\/\/schema.org\",\"@graph\":[{\"@type\":\"WebSite\",\"@id\":\"https:\/\/geopresovregion.sk\/home\/#website\",\"url\":\"https:\/\/geopresovregion.sk\/home\/\",\"name\":\"Geoport\u00e1l Pre\u0161ovsk\u00e9ho kraja\",\"description\":\"Geoport\u00e1l Pre\u0161ovsk\u00e9ho kraja\",\"potentialAction\":[{\"@type\":\"SearchAction\",\"target\":{\"@type\":\"EntryPoint\",\"urlTemplate\":\"https:\/\/geopresovregion.sk\/home\/?s={search_term_string}\"},\"query-input\":\"required name=search_term_string\"}],\"inLanguage\":\"en-US\"},{\"@type\":\"WebPage\",\"@id\":\"https:\/\/geopresovregion.sk\/home\/2020\/08\/21\/cestovny-ruch-bol-v-maji-na-kolenach-situacia-sa-zlepsuje\/\",\"url\":\"https:\/\/geopresovregion.sk\/home\/2020\/08\/21\/cestovny-ruch-bol-v-maji-na-kolenach-situacia-sa-zlepsuje\/\",\"name\":\"Cestovn\u00fd ruch bol v m\u00e1ji na kolen\u00e1ch, situ\u00e1cia sa zlep\u0161uje - Geoport\u00e1l Pre\u0161ovsk\u00e9ho kraja\",\"isPartOf\":{\"@id\":\"https:\/\/geopresovregion.sk\/home\/#website\"},\"primaryImageOfPage\":{\"@id\":\"https:\/\/geopresovregion.sk\/home\/2020\/08\/21\/cestovny-ruch-bol-v-maji-na-kolenach-situacia-sa-zlepsuje\/#primaryimage\"},\"datePublished\":\"2020-08-21T11:10:59+00:00\",\"dateModified\":\"2021-01-12T08:20:04+00:00\",\"author\":{\"@id\":\"https:\/\/geopresovregion.sk\/home\/#\/schema\/person\/e713887d3bc592fd251cb2875dbf9eb2\"},\"breadcrumb\":{\"@id\":\"https:\/\/geopresovregion.sk\/home\/2020\/08\/21\/cestovny-ruch-bol-v-maji-na-kolenach-situacia-sa-zlepsuje\/#breadcrumb\"},\"inLanguage\":\"en-US\",\"potentialAction\":[{\"@type\":\"ReadAction\",\"target\":[\"https:\/\/geopresovregion.sk\/home\/2020\/08\/21\/cestovny-ruch-bol-v-maji-na-kolenach-situacia-sa-zlepsuje\/\"]}]},{\"@type\":\"BreadcrumbList\",\"@id\":\"https:\/\/geopresovregion.sk\/home\/2020\/08\/21\/cestovny-ruch-bol-v-maji-na-kolenach-situacia-sa-zlepsuje\/#breadcrumb\",\"itemListElement\":[{\"@type\":\"ListItem\",\"position\":1,\"name\":\"Home\",\"item\":\"https:\/\/geopresovregion.sk\/home\/\"},{\"@type\":\"ListItem\",\"position\":2,\"name\":\"Cestovn\u00fd ruch bol v m\u00e1ji na kolen\u00e1ch, situ\u00e1cia sa zlep\u0161uje\"}]},{\"@type\":\"Person\",\"@id\":\"https:\/\/geopresovregion.sk\/home\/#\/schema\/person\/e713887d3bc592fd251cb2875dbf9eb2\",\"name\":\"geopresovregion\",\"image\":{\"@type\":\"ImageObject\",\"inLanguage\":\"en-US\",\"@id\":\"https:\/\/geopresovregion.sk\/home\/#\/schema\/person\/image\/\",\"url\":\"https:\/\/secure.gravatar.com\/avatar\/8b62d3108431ba864bd7d29cde1d408f?s=96&d=mm&r=g\",\"contentUrl\":\"https:\/\/secure.gravatar.com\/avatar\/8b62d3108431ba864bd7d29cde1d408f?s=96&d=mm&r=g\",\"caption\":\"geopresovregion\"},\"url\":\"https:\/\/geopresovregion.sk\/home\/author\/geopresovregion\/\"}]}<\/script>\n<!-- \/ Yoast SEO plugin. -->","yoast_head_json":{"title":"Cestovn\u00fd ruch bol v m\u00e1ji na kolen\u00e1ch, situ\u00e1cia sa zlep\u0161uje - Geoport\u00e1l Pre\u0161ovsk\u00e9ho kraja","robots":{"index":"index","follow":"follow","max-snippet":"max-snippet:-1","max-image-preview":"max-image-preview:large","max-video-preview":"max-video-preview:-1"},"canonical":"https:\/\/geopresovregion.sk\/home\/2020\/08\/21\/cestovny-ruch-bol-v-maji-na-kolenach-situacia-sa-zlepsuje\/","og_locale":"en_US","og_type":"article","og_title":"Cestovn\u00fd ruch bol v m\u00e1ji na kolen\u00e1ch, situ\u00e1cia sa zlep\u0161uje - Geoport\u00e1l Pre\u0161ovsk\u00e9ho kraja","og_description":"V mesiaci m\u00e1j, podobne ako v marci a apr\u00edli, koronakr\u00edza zapr\u00ed\u010dinila v\u00fdznamn\u00fd prepad v oblasti cestovn\u00e9ho ruchu. V m\u00e1ji tohto roka nav\u0161t\u00edvilo ubytovacie zariadenia v Pre\u0161ovskom kraji 6 669 n\u00e1v\u0161tevn\u00edkov, z toho v\u00e4\u010d\u0161ina v okrese Poprad. V porovnan\u00ed s m\u00e1jom 2019 ide v Pre\u0161ovskom kraji o v\u00fdrazn\u00fd prepad a to a\u017e o 92,35 % (v [&hellip;]","og_url":"https:\/\/geopresovregion.sk\/home\/2020\/08\/21\/cestovny-ruch-bol-v-maji-na-kolenach-situacia-sa-zlepsuje\/","og_site_name":"Geoport\u00e1l Pre\u0161ovsk\u00e9ho kraja","article_published_time":"2020-08-21T11:10:59+00:00","article_modified_time":"2021-01-12T08:20:04+00:00","og_image":[{"width":720,"height":480,"url":"https:\/\/geopresovregion.sk\/home\/wp-content\/uploads\/2020\/08\/cestovny_ruch_cover_3.jpg","type":"image\/jpeg"}],"author":"geopresovregion","twitter_card":"summary_large_image","schema":{"@context":"https:\/\/schema.org","@graph":[{"@type":"WebSite","@id":"https:\/\/geopresovregion.sk\/home\/#website","url":"https:\/\/geopresovregion.sk\/home\/","name":"Geoport\u00e1l Pre\u0161ovsk\u00e9ho kraja","description":"Geoport\u00e1l Pre\u0161ovsk\u00e9ho kraja","potentialAction":[{"@type":"SearchAction","target":{"@type":"EntryPoint","urlTemplate":"https:\/\/geopresovregion.sk\/home\/?s={search_term_string}"},"query-input":"required name=search_term_string"}],"inLanguage":"en-US"},{"@type":"WebPage","@id":"https:\/\/geopresovregion.sk\/home\/2020\/08\/21\/cestovny-ruch-bol-v-maji-na-kolenach-situacia-sa-zlepsuje\/","url":"https:\/\/geopresovregion.sk\/home\/2020\/08\/21\/cestovny-ruch-bol-v-maji-na-kolenach-situacia-sa-zlepsuje\/","name":"Cestovn\u00fd ruch bol v m\u00e1ji na kolen\u00e1ch, situ\u00e1cia sa zlep\u0161uje - Geoport\u00e1l Pre\u0161ovsk\u00e9ho kraja","isPartOf":{"@id":"https:\/\/geopresovregion.sk\/home\/#website"},"primaryImageOfPage":{"@id":"https:\/\/geopresovregion.sk\/home\/2020\/08\/21\/cestovny-ruch-bol-v-maji-na-kolenach-situacia-sa-zlepsuje\/#primaryimage"},"datePublished":"2020-08-21T11:10:59+00:00","dateModified":"2021-01-12T08:20:04+00:00","author":{"@id":"https:\/\/geopresovregion.sk\/home\/#\/schema\/person\/e713887d3bc592fd251cb2875dbf9eb2"},"breadcrumb":{"@id":"https:\/\/geopresovregion.sk\/home\/2020\/08\/21\/cestovny-ruch-bol-v-maji-na-kolenach-situacia-sa-zlepsuje\/#breadcrumb"},"inLanguage":"en-US","potentialAction":[{"@type":"ReadAction","target":["https:\/\/geopresovregion.sk\/home\/2020\/08\/21\/cestovny-ruch-bol-v-maji-na-kolenach-situacia-sa-zlepsuje\/"]}]},{"@type":"BreadcrumbList","@id":"https:\/\/geopresovregion.sk\/home\/2020\/08\/21\/cestovny-ruch-bol-v-maji-na-kolenach-situacia-sa-zlepsuje\/#breadcrumb","itemListElement":[{"@type":"ListItem","position":1,"name":"Home","item":"https:\/\/geopresovregion.sk\/home\/"},{"@type":"ListItem","position":2,"name":"Cestovn\u00fd ruch bol v m\u00e1ji na kolen\u00e1ch, situ\u00e1cia sa zlep\u0161uje"}]},{"@type":"Person","@id":"https:\/\/geopresovregion.sk\/home\/#\/schema\/person\/e713887d3bc592fd251cb2875dbf9eb2","name":"geopresovregion","image":{"@type":"ImageObject","inLanguage":"en-US","@id":"https:\/\/geopresovregion.sk\/home\/#\/schema\/person\/image\/","url":"https:\/\/secure.gravatar.com\/avatar\/8b62d3108431ba864bd7d29cde1d408f?s=96&d=mm&r=g","contentUrl":"https:\/\/secure.gravatar.com\/avatar\/8b62d3108431ba864bd7d29cde1d408f?s=96&d=mm&r=g","caption":"geopresovregion"},"url":"https:\/\/geopresovregion.sk\/home\/author\/geopresovregion\/"}]}},"_links":{"self":[{"href":"https:\/\/geopresovregion.sk\/home\/wp-json\/wp\/v2\/posts\/1515"}],"collection":[{"href":"https:\/\/geopresovregion.sk\/home\/wp-json\/wp\/v2\/posts"}],"about":[{"href":"https:\/\/geopresovregion.sk\/home\/wp-json\/wp\/v2\/types\/post"}],"author":[{"embeddable":true,"href":"https:\/\/geopresovregion.sk\/home\/wp-json\/wp\/v2\/users\/3"}],"replies":[{"embeddable":true,"href":"https:\/\/geopresovregion.sk\/home\/wp-json\/wp\/v2\/comments?post=1515"}],"version-history":[{"count":12,"href":"https:\/\/geopresovregion.sk\/home\/wp-json\/wp\/v2\/posts\/1515\/revisions"}],"predecessor-version":[{"id":1542,"href":"https:\/\/geopresovregion.sk\/home\/wp-json\/wp\/v2\/posts\/1515\/revisions\/1542"}],"wp:featuredmedia":[{"embeddable":true,"href":"https:\/\/geopresovregion.sk\/home\/wp-json\/wp\/v2\/media\/1536"}],"wp:attachment":[{"href":"https:\/\/geopresovregion.sk\/home\/wp-json\/wp\/v2\/media?parent=1515"}],"wp:term":[{"taxonomy":"category","embeddable":true,"href":"https:\/\/geopresovregion.sk\/home\/wp-json\/wp\/v2\/categories?post=1515"},{"taxonomy":"post_tag","embeddable":true,"href":"https:\/\/geopresovregion.sk\/home\/wp-json\/wp\/v2\/tags?post=1515"}],"curies":[{"name":"wp","href":"https:\/\/api.w.org\/{rel}","templated":true}]}}